{"id":18045,"date":"2025-10-06T17:24:28","date_gmt":"2025-10-06T17:24:28","guid":{"rendered":"https:\/\/air.com.vc\/blog\/?p=18045"},"modified":"2025-10-06T17:28:28","modified_gmt":"2025-10-06T17:28:28","slug":"employee-advocacy","status":"publish","type":"post","link":"https:\/\/air.com.vc\/blog\/employee-advocacy\/","title":{"rendered":"Employee advocacy: quando os colaboradores se tornam influenciadores da marca"},"content":{"rendered":"\n<p>Em um cen\u00e1rio onde a confian\u00e7a \u00e9 um ativo cada vez mais valioso, os colaboradores se tornam uma das vozes mais poderosas para impulsionar marcas. O conceito de <strong>employee advocacy<\/strong> mostra como os times internos podem atuar como influenciadores, ampliando alcance e refor\u00e7ando autenticidade.<\/p>\n\n\n\n<p>Essa estrat\u00e9gia n\u00e3o apenas fortalece a imagem da empresa, mas tamb\u00e9m cria um v\u00ednculo mais genu\u00edno com o p\u00fablico, j\u00e1 que a comunica\u00e7\u00e3o parte de quem vive a marca no dia a dia.<\/p>\n\n\n\n<h2 class=\"wp-block-heading\"><strong>O que \u00e9 employee advocacy<\/strong><\/h2>\n\n\n\n<p>Employee advocacy \u00e9 a pr\u00e1tica de incentivar e capacitar colaboradores para compartilhar conte\u00fados, valores e mensagens da empresa em seus pr\u00f3prios perfis.<\/p>\n\n\n\n<p>Mais do que replicar comunica\u00e7\u00f5es oficiais, trata-se de <strong>dar protagonismo aos colaboradores<\/strong>, transformando-os em embaixadores espont\u00e2neos da marca.<\/p>\n\n\n\n<h2 class=\"wp-block-heading\"><strong>Benef\u00edcios de colaboradores como influenciadores<\/strong><\/h2>\n\n\n\n<h2 class=\"wp-block-heading\"><strong>Autenticidade e confian\u00e7a<\/strong><\/h2>\n\n\n\n<p>As mensagens vindas de colaboradores s\u00e3o vistas como <strong>mais confi\u00e1veis<\/strong> do que as publicadas diretamente por marcas.<\/p>\n\n\n\n<h2 class=\"wp-block-heading\"><strong>Amplia\u00e7\u00e3o de alcance<\/strong><\/h2>\n\n\n\n<p>Cada colaborador tem sua pr\u00f3pria rede de contatos, o que expande o alcance da empresa de forma org\u00e2nica.<\/p>\n\n\n\n<h2 class=\"wp-block-heading\"><strong>Employer branding fortalecido<\/strong><\/h2>\n\n\n\n<p>Funcion\u00e1rios engajados contribuem para a reputa\u00e7\u00e3o da marca como <strong>um \u00f3timo lugar para se trabalhar<\/strong>.<\/p>\n\n\n\n<h2 class=\"wp-block-heading\"><strong>Engajamento interno<\/strong><\/h2>\n\n\n\n<p>O programa de advocacy tamb\u00e9m fortalece a cultura organizacional e aumenta o senso de pertencimento.<\/p>\n\n\n\n<h2 class=\"wp-block-heading\"><strong>Como implementar um programa de employee advocacy<\/strong><\/h2>\n\n\n\n<ol class=\"wp-block-list\">\n<li><strong>Defina objetivos claros<\/strong> \u2013 pode ser fortalecer marca empregadora, aumentar alcance de campanhas ou gerar leads.<br><\/li>\n\n\n\n<li><strong>Forne\u00e7a conte\u00fados prontos e adapt\u00e1veis<\/strong> \u2013 facilite para que os colaboradores compartilhem.<br><\/li>\n\n\n\n<li><strong>Ofere\u00e7a treinamentos<\/strong> \u2013 ensine boas pr\u00e1ticas de comunica\u00e7\u00e3o digital.<br><\/li>\n\n\n\n<li><strong>Reconhe\u00e7a e valorize os participantes<\/strong> \u2013 o engajamento cresce quando os colaboradores percebem impacto real.<br><\/li>\n<\/ol>\n\n\n\n<h2 class=\"wp-block-heading\"><strong>Exemplos de employee advocacy na pr\u00e1tica<\/strong><\/h2>\n\n\n\n<ul class=\"wp-block-list\">\n<li>Empresas de tecnologia que incentivam seus engenheiros a comentar inova\u00e7\u00f5es nas redes.<br><\/li>\n\n\n\n<li>Institui\u00e7\u00f5es financeiras que valorizam especialistas internos como porta-vozes em temas t\u00e9cnicos.<br><\/li>\n\n\n\n<li>Startups que mostram o cotidiano dos colaboradores, aproximando a marca de talentos e clientes.<br><\/li>\n<\/ul>\n\n\n\n<h2 class=\"wp-block-heading\"><strong>FAQ \u2013 Perguntas frequentes sobre employee advocacy<\/strong><\/h2>\n\n\n\n<div class=\"schema-faq wp-block-yoast-faq-block\"><div class=\"schema-faq-section\" id=\"faq-question-1759771225160\"><strong class=\"schema-faq-question\">O que \u00e9 employee advocacy em poucas palavras?<\/strong> <p class=\"schema-faq-answer\">\u00c9 transformar colaboradores em defensores da marca, incentivando-os a compartilhar mensagens e valores da empresa em suas pr\u00f3prias redes.<\/p> <\/div> <div class=\"schema-faq-section\" id=\"faq-question-1759771226380\"><strong class=\"schema-faq-question\">Por que o employee advocacy \u00e9 importante para marcas?<\/strong> <p class=\"schema-faq-answer\">Porque fortalece a confian\u00e7a do p\u00fablico, amplia alcance e d\u00e1 mais autenticidade \u00e0s campanhas.<\/p> <\/div> <div class=\"schema-faq-section\" id=\"faq-question-1759771226924\"><strong class=\"schema-faq-question\">Como engajar colaboradores nesse processo?<\/strong> <p class=\"schema-faq-answer\">Oferecendo treinamentos, conte\u00fados prontos para uso e reconhecimento para quem participa ativamente.<\/p> <\/div> <div class=\"schema-faq-section\" id=\"faq-question-1759771227410\"><strong class=\"schema-faq-question\">O employee advocacy serve apenas para grandes empresas?<\/strong> <p class=\"schema-faq-answer\">N\u00e3o. Pequenas e m\u00e9dias empresas tamb\u00e9m podem se beneficiar, j\u00e1 que colaboradores ampliam o alcance da marca de forma natural.<\/p> <\/div> <div class=\"schema-faq-section\" id=\"faq-question-1759771227949\"><strong class=\"schema-faq-question\">Como medir os resultados de um programa de employee advocacy?<\/strong> <p class=\"schema-faq-answer\">Com m\u00e9tricas como alcance, engajamento, tr\u00e1fego gerado e at\u00e9 leads conquistados a partir das publica\u00e7\u00f5es dos colaboradores.<br\/><\/p> <\/div> <\/div>\n\n\n\n<p><\/p>\n","protected":false},"excerpt":{"rendered":"<p>Em um cen\u00e1rio onde a confian\u00e7a \u00e9 um ativo cada vez mais valioso, os colaboradores se tornam uma das vozes mais poderosas para impulsionar marcas. O conceito de employee advocacy mostra como os times internos podem atuar como influenciadores, ampliando alcance e refor\u00e7ando autenticidade. Essa estrat\u00e9gia n\u00e3o apenas fortalece a imagem da empresa, mas tamb\u00e9m [&hellip;]<\/p>\n","protected":false},"author":3,"featured_media":18046,"comment_status":"open","ping_status":"open","sticky":false,"template":"","format":"standard","meta":{"footnotes":""},"categories":[4],"tags":[15],"class_list":["post-18045","post","type-post","status-publish","format-standard","has-post-thumbnail","hentry","category-marketing-de-influencia","tag-marketing-de-influencia"],"yoast_head":"<!-- This site is optimized with the Yoast SEO plugin v25.3.1 - https:\/\/yoast.com\/wordpress\/plugins\/seo\/ -->\n<title>Employee advocacy: colaboradores se tornam influenciadores<\/title>\n<meta name=\"description\" content=\"Descubra como transformar colaboradores em influenciadores internos e gerar mais confian\u00e7a, alcance e resultados para sua marca.\" \/>\n<meta name=\"robots\" content=\"index, follow, max-snippet:-1, max-image-preview:large, max-video-preview:-1\" \/>\n<link rel=\"canonical\" href=\"https:\/\/air.com.vc\/blog\/employee-advocacy\/\" \/>\n<meta property=\"og:locale\" content=\"pt_BR\" \/>\n<meta property=\"og:type\" content=\"article\" \/>\n<meta property=\"og:title\" content=\"Employee advocacy: colaboradores se tornam influenciadores\" \/>\n<meta property=\"og:description\" content=\"Descubra como transformar colaboradores em influenciadores internos e gerar mais confian\u00e7a, alcance e resultados para sua marca.\" \/>\n<meta property=\"og:url\" content=\"https:\/\/air.com.vc\/blog\/employee-advocacy\/\" \/>\n<meta property=\"og:site_name\" content=\"Air\" \/>\n<meta property=\"article:published_time\" content=\"2025-10-06T17:24:28+00:00\" \/>\n<meta property=\"article:modified_time\" content=\"2025-10-06T17:28:28+00:00\" \/>\n<meta property=\"og:image\" content=\"https:\/\/air.com.vc\/blog\/wp-content\/uploads\/2025\/10\/ambitious-confident-professional-team-of-colleague-2025-02-20-09-32-31-utc-1.jpg\" \/>\n\t<meta property=\"og:image:width\" content=\"1405\" \/>\n\t<meta property=\"og:image:height\" content=\"936\" \/>\n\t<meta property=\"og:image:type\" content=\"image\/jpeg\" \/>\n<meta name=\"author\" content=\"Susielen Silva\" \/>\n<meta name=\"twitter:card\" content=\"summary_large_image\" \/>\n<meta name=\"twitter:label1\" content=\"Escrito por\" \/>\n\t<meta name=\"twitter:data1\" content=\"Susielen Silva\" \/>\n\t<meta name=\"twitter:label2\" content=\"Est. tempo de leitura\" \/>\n\t<meta name=\"twitter:data2\" content=\"3 minutos\" \/>\n<script type=\"application\/ld+json\" class=\"yoast-schema-graph\">{\"@context\":\"https:\/\/schema.org\",\"@graph\":[{\"@type\":[\"WebPage\",\"FAQPage\"],\"@id\":\"https:\/\/air.com.vc\/blog\/employee-advocacy\/\",\"url\":\"https:\/\/air.com.vc\/blog\/employee-advocacy\/\",\"name\":\"Employee advocacy: colaboradores se tornam influenciadores\",\"isPartOf\":{\"@id\":\"https:\/\/site.airstrip.cloud\/blog\/#website\"},\"primaryImageOfPage\":{\"@id\":\"https:\/\/air.com.vc\/blog\/employee-advocacy\/#primaryimage\"},\"image\":{\"@id\":\"https:\/\/air.com.vc\/blog\/employee-advocacy\/#primaryimage\"},\"thumbnailUrl\":\"https:\/\/air.com.vc\/blog\/wp-content\/uploads\/2025\/10\/ambitious-confident-professional-team-of-colleague-2025-02-20-09-32-31-utc-1.jpg\",\"datePublished\":\"2025-10-06T17:24:28+00:00\",\"dateModified\":\"2025-10-06T17:28:28+00:00\",\"author\":{\"@id\":\"https:\/\/site.airstrip.cloud\/blog\/#\/schema\/person\/9d18b40c256b820419d280c7662952fe\"},\"description\":\"Descubra como transformar colaboradores em influenciadores internos e gerar mais confian\u00e7a, alcance e resultados para sua marca.\",\"breadcrumb\":{\"@id\":\"https:\/\/air.com.vc\/blog\/employee-advocacy\/#breadcrumb\"},\"mainEntity\":[{\"@id\":\"https:\/\/air.com.vc\/blog\/employee-advocacy\/#faq-question-1759771225160\"},{\"@id\":\"https:\/\/air.com.vc\/blog\/employee-advocacy\/#faq-question-1759771226380\"},{\"@id\":\"https:\/\/air.com.vc\/blog\/employee-advocacy\/#faq-question-1759771226924\"},{\"@id\":\"https:\/\/air.com.vc\/blog\/employee-advocacy\/#faq-question-1759771227410\"},{\"@id\":\"https:\/\/air.com.vc\/blog\/employee-advocacy\/#faq-question-1759771227949\"}],\"inLanguage\":\"pt-BR\",\"potentialAction\":[{\"@type\":\"ReadAction\",\"target\":[\"https:\/\/air.com.vc\/blog\/employee-advocacy\/\"]}]},{\"@type\":\"ImageObject\",\"inLanguage\":\"pt-BR\",\"@id\":\"https:\/\/air.com.vc\/blog\/employee-advocacy\/#primaryimage\",\"url\":\"https:\/\/air.com.vc\/blog\/wp-content\/uploads\/2025\/10\/ambitious-confident-professional-team-of-colleague-2025-02-20-09-32-31-utc-1.jpg\",\"contentUrl\":\"https:\/\/air.com.vc\/blog\/wp-content\/uploads\/2025\/10\/ambitious-confident-professional-team-of-colleague-2025-02-20-09-32-31-utc-1.jpg\",\"width\":1405,\"height\":936,\"caption\":\"Ambitious confident professional team of colleagues talking and planning a marketing strategy together. Diverse group, teamwork and young business people brainstorming, collaboration or cooperation.\"},{\"@type\":\"BreadcrumbList\",\"@id\":\"https:\/\/air.com.vc\/blog\/employee-advocacy\/#breadcrumb\",\"itemListElement\":[{\"@type\":\"ListItem\",\"position\":1,\"name\":\"In\u00edcio\",\"item\":\"https:\/\/site.airstrip.cloud\/blog\/\"},{\"@type\":\"ListItem\",\"position\":2,\"name\":\"Employee advocacy: quando os colaboradores se tornam influenciadores da marca\"}]},{\"@type\":\"WebSite\",\"@id\":\"https:\/\/site.airstrip.cloud\/blog\/#website\",\"url\":\"https:\/\/site.airstrip.cloud\/blog\/\",\"name\":\"Air\",\"description\":\"\",\"potentialAction\":[{\"@type\":\"SearchAction\",\"target\":{\"@type\":\"EntryPoint\",\"urlTemplate\":\"https:\/\/site.airstrip.cloud\/blog\/?s={search_term_string}\"},\"query-input\":{\"@type\":\"PropertyValueSpecification\",\"valueRequired\":true,\"valueName\":\"search_term_string\"}}],\"inLanguage\":\"pt-BR\"},{\"@type\":\"Person\",\"@id\":\"https:\/\/site.airstrip.cloud\/blog\/#\/schema\/person\/9d18b40c256b820419d280c7662952fe\",\"name\":\"Susielen Silva\",\"image\":{\"@type\":\"ImageObject\",\"inLanguage\":\"pt-BR\",\"@id\":\"https:\/\/site.airstrip.cloud\/blog\/#\/schema\/person\/image\/\",\"url\":\"https:\/\/secure.gravatar.com\/avatar\/d31fa1eb9a7c42ba9cff5d1fb7acb8582bcf814e60dbefa740cf090bb3b683f6?s=96&d=mm&r=g\",\"contentUrl\":\"https:\/\/secure.gravatar.com\/avatar\/d31fa1eb9a7c42ba9cff5d1fb7acb8582bcf814e60dbefa740cf090bb3b683f6?s=96&d=mm&r=g\",\"caption\":\"Susielen Silva\"},\"url\":\"https:\/\/air.com.vc\/blog\/author\/susielen-silva\/\"},{\"@type\":\"Question\",\"@id\":\"https:\/\/air.com.vc\/blog\/employee-advocacy\/#faq-question-1759771225160\",\"position\":1,\"url\":\"https:\/\/air.com.vc\/blog\/employee-advocacy\/#faq-question-1759771225160\",\"name\":\"O que \u00e9 employee advocacy em poucas palavras?\",\"answerCount\":1,\"acceptedAnswer\":{\"@type\":\"Answer\",\"text\":\"\u00c9 transformar colaboradores em defensores da marca, incentivando-os a compartilhar mensagens e valores da empresa em suas pr\u00f3prias redes.\",\"inLanguage\":\"pt-BR\"},\"inLanguage\":\"pt-BR\"},{\"@type\":\"Question\",\"@id\":\"https:\/\/air.com.vc\/blog\/employee-advocacy\/#faq-question-1759771226380\",\"position\":2,\"url\":\"https:\/\/air.com.vc\/blog\/employee-advocacy\/#faq-question-1759771226380\",\"name\":\"Por que o employee advocacy \u00e9 importante para marcas?\",\"answerCount\":1,\"acceptedAnswer\":{\"@type\":\"Answer\",\"text\":\"Porque fortalece a confian\u00e7a do p\u00fablico, amplia alcance e d\u00e1 mais autenticidade \u00e0s campanhas.\",\"inLanguage\":\"pt-BR\"},\"inLanguage\":\"pt-BR\"},{\"@type\":\"Question\",\"@id\":\"https:\/\/air.com.vc\/blog\/employee-advocacy\/#faq-question-1759771226924\",\"position\":3,\"url\":\"https:\/\/air.com.vc\/blog\/employee-advocacy\/#faq-question-1759771226924\",\"name\":\"Como engajar colaboradores nesse processo?\",\"answerCount\":1,\"acceptedAnswer\":{\"@type\":\"Answer\",\"text\":\"Oferecendo treinamentos, conte\u00fados prontos para uso e reconhecimento para quem participa ativamente.\",\"inLanguage\":\"pt-BR\"},\"inLanguage\":\"pt-BR\"},{\"@type\":\"Question\",\"@id\":\"https:\/\/air.com.vc\/blog\/employee-advocacy\/#faq-question-1759771227410\",\"position\":4,\"url\":\"https:\/\/air.com.vc\/blog\/employee-advocacy\/#faq-question-1759771227410\",\"name\":\"O employee advocacy serve apenas para grandes empresas?\",\"answerCount\":1,\"acceptedAnswer\":{\"@type\":\"Answer\",\"text\":\"N\u00e3o. Pequenas e m\u00e9dias empresas tamb\u00e9m podem se beneficiar, j\u00e1 que colaboradores ampliam o alcance da marca de forma natural.\",\"inLanguage\":\"pt-BR\"},\"inLanguage\":\"pt-BR\"},{\"@type\":\"Question\",\"@id\":\"https:\/\/air.com.vc\/blog\/employee-advocacy\/#faq-question-1759771227949\",\"position\":5,\"url\":\"https:\/\/air.com.vc\/blog\/employee-advocacy\/#faq-question-1759771227949\",\"name\":\"Como medir os resultados de um programa de employee advocacy?\",\"answerCount\":1,\"acceptedAnswer\":{\"@type\":\"Answer\",\"text\":\"Com m\u00e9tricas como alcance, engajamento, tr\u00e1fego gerado e at\u00e9 leads conquistados a partir das publica\u00e7\u00f5es dos colaboradores.<br\/>\",\"inLanguage\":\"pt-BR\"},\"inLanguage\":\"pt-BR\"}]}<\/script>\n<!-- \/ Yoast SEO plugin. -->","yoast_head_json":{"title":"Employee advocacy: colaboradores se tornam influenciadores","description":"Descubra como transformar colaboradores em influenciadores internos e gerar mais confian\u00e7a, alcance e resultados para sua marca.","robots":{"index":"index","follow":"follow","max-snippet":"max-snippet:-1","max-image-preview":"max-image-preview:large","max-video-preview":"max-video-preview:-1"},"canonical":"https:\/\/air.com.vc\/blog\/employee-advocacy\/","og_locale":"pt_BR","og_type":"article","og_title":"Employee advocacy: colaboradores se tornam influenciadores","og_description":"Descubra como transformar colaboradores em influenciadores internos e gerar mais confian\u00e7a, alcance e resultados para sua marca.","og_url":"https:\/\/air.com.vc\/blog\/employee-advocacy\/","og_site_name":"Air","article_published_time":"2025-10-06T17:24:28+00:00","article_modified_time":"2025-10-06T17:28:28+00:00","og_image":[{"width":1405,"height":936,"url":"https:\/\/air.com.vc\/blog\/wp-content\/uploads\/2025\/10\/ambitious-confident-professional-team-of-colleague-2025-02-20-09-32-31-utc-1.jpg","type":"image\/jpeg"}],"author":"Susielen Silva","twitter_card":"summary_large_image","twitter_misc":{"Escrito por":"Susielen Silva","Est. tempo de leitura":"3 minutos"},"schema":{"@context":"https:\/\/schema.org","@graph":[{"@type":["WebPage","FAQPage"],"@id":"https:\/\/air.com.vc\/blog\/employee-advocacy\/","url":"https:\/\/air.com.vc\/blog\/employee-advocacy\/","name":"Employee advocacy: colaboradores se tornam influenciadores","isPartOf":{"@id":"https:\/\/site.airstrip.cloud\/blog\/#website"},"primaryImageOfPage":{"@id":"https:\/\/air.com.vc\/blog\/employee-advocacy\/#primaryimage"},"image":{"@id":"https:\/\/air.com.vc\/blog\/employee-advocacy\/#primaryimage"},"thumbnailUrl":"https:\/\/air.com.vc\/blog\/wp-content\/uploads\/2025\/10\/ambitious-confident-professional-team-of-colleague-2025-02-20-09-32-31-utc-1.jpg","datePublished":"2025-10-06T17:24:28+00:00","dateModified":"2025-10-06T17:28:28+00:00","author":{"@id":"https:\/\/site.airstrip.cloud\/blog\/#\/schema\/person\/9d18b40c256b820419d280c7662952fe"},"description":"Descubra como transformar colaboradores em influenciadores internos e gerar mais confian\u00e7a, alcance e resultados para sua marca.","breadcrumb":{"@id":"https:\/\/air.com.vc\/blog\/employee-advocacy\/#breadcrumb"},"mainEntity":[{"@id":"https:\/\/air.com.vc\/blog\/employee-advocacy\/#faq-question-1759771225160"},{"@id":"https:\/\/air.com.vc\/blog\/employee-advocacy\/#faq-question-1759771226380"},{"@id":"https:\/\/air.com.vc\/blog\/employee-advocacy\/#faq-question-1759771226924"},{"@id":"https:\/\/air.com.vc\/blog\/employee-advocacy\/#faq-question-1759771227410"},{"@id":"https:\/\/air.com.vc\/blog\/employee-advocacy\/#faq-question-1759771227949"}],"inLanguage":"pt-BR","potentialAction":[{"@type":"ReadAction","target":["https:\/\/air.com.vc\/blog\/employee-advocacy\/"]}]},{"@type":"ImageObject","inLanguage":"pt-BR","@id":"https:\/\/air.com.vc\/blog\/employee-advocacy\/#primaryimage","url":"https:\/\/air.com.vc\/blog\/wp-content\/uploads\/2025\/10\/ambitious-confident-professional-team-of-colleague-2025-02-20-09-32-31-utc-1.jpg","contentUrl":"https:\/\/air.com.vc\/blog\/wp-content\/uploads\/2025\/10\/ambitious-confident-professional-team-of-colleague-2025-02-20-09-32-31-utc-1.jpg","width":1405,"height":936,"caption":"Ambitious confident professional team of colleagues talking and planning a marketing strategy together. Diverse group, teamwork and young business people brainstorming, collaboration or cooperation."},{"@type":"BreadcrumbList","@id":"https:\/\/air.com.vc\/blog\/employee-advocacy\/#breadcrumb","itemListElement":[{"@type":"ListItem","position":1,"name":"In\u00edcio","item":"https:\/\/site.airstrip.cloud\/blog\/"},{"@type":"ListItem","position":2,"name":"Employee advocacy: quando os colaboradores se tornam influenciadores da marca"}]},{"@type":"WebSite","@id":"https:\/\/site.airstrip.cloud\/blog\/#website","url":"https:\/\/site.airstrip.cloud\/blog\/","name":"Air","description":"","potentialAction":[{"@type":"SearchAction","target":{"@type":"EntryPoint","urlTemplate":"https:\/\/site.airstrip.cloud\/blog\/?s={search_term_string}"},"query-input":{"@type":"PropertyValueSpecification","valueRequired":true,"valueName":"search_term_string"}}],"inLanguage":"pt-BR"},{"@type":"Person","@id":"https:\/\/site.airstrip.cloud\/blog\/#\/schema\/person\/9d18b40c256b820419d280c7662952fe","name":"Susielen Silva","image":{"@type":"ImageObject","inLanguage":"pt-BR","@id":"https:\/\/site.airstrip.cloud\/blog\/#\/schema\/person\/image\/","url":"https:\/\/secure.gravatar.com\/avatar\/d31fa1eb9a7c42ba9cff5d1fb7acb8582bcf814e60dbefa740cf090bb3b683f6?s=96&d=mm&r=g","contentUrl":"https:\/\/secure.gravatar.com\/avatar\/d31fa1eb9a7c42ba9cff5d1fb7acb8582bcf814e60dbefa740cf090bb3b683f6?s=96&d=mm&r=g","caption":"Susielen Silva"},"url":"https:\/\/air.com.vc\/blog\/author\/susielen-silva\/"},{"@type":"Question","@id":"https:\/\/air.com.vc\/blog\/employee-advocacy\/#faq-question-1759771225160","position":1,"url":"https:\/\/air.com.vc\/blog\/employee-advocacy\/#faq-question-1759771225160","name":"O que \u00e9 employee advocacy em poucas palavras?","answerCount":1,"acceptedAnswer":{"@type":"Answer","text":"\u00c9 transformar colaboradores em defensores da marca, incentivando-os a compartilhar mensagens e valores da empresa em suas pr\u00f3prias redes.","inLanguage":"pt-BR"},"inLanguage":"pt-BR"},{"@type":"Question","@id":"https:\/\/air.com.vc\/blog\/employee-advocacy\/#faq-question-1759771226380","position":2,"url":"https:\/\/air.com.vc\/blog\/employee-advocacy\/#faq-question-1759771226380","name":"Por que o employee advocacy \u00e9 importante para marcas?","answerCount":1,"acceptedAnswer":{"@type":"Answer","text":"Porque fortalece a confian\u00e7a do p\u00fablico, amplia alcance e d\u00e1 mais autenticidade \u00e0s campanhas.","inLanguage":"pt-BR"},"inLanguage":"pt-BR"},{"@type":"Question","@id":"https:\/\/air.com.vc\/blog\/employee-advocacy\/#faq-question-1759771226924","position":3,"url":"https:\/\/air.com.vc\/blog\/employee-advocacy\/#faq-question-1759771226924","name":"Como engajar colaboradores nesse processo?","answerCount":1,"acceptedAnswer":{"@type":"Answer","text":"Oferecendo treinamentos, conte\u00fados prontos para uso e reconhecimento para quem participa ativamente.","inLanguage":"pt-BR"},"inLanguage":"pt-BR"},{"@type":"Question","@id":"https:\/\/air.com.vc\/blog\/employee-advocacy\/#faq-question-1759771227410","position":4,"url":"https:\/\/air.com.vc\/blog\/employee-advocacy\/#faq-question-1759771227410","name":"O employee advocacy serve apenas para grandes empresas?","answerCount":1,"acceptedAnswer":{"@type":"Answer","text":"N\u00e3o. Pequenas e m\u00e9dias empresas tamb\u00e9m podem se beneficiar, j\u00e1 que colaboradores ampliam o alcance da marca de forma natural.","inLanguage":"pt-BR"},"inLanguage":"pt-BR"},{"@type":"Question","@id":"https:\/\/air.com.vc\/blog\/employee-advocacy\/#faq-question-1759771227949","position":5,"url":"https:\/\/air.com.vc\/blog\/employee-advocacy\/#faq-question-1759771227949","name":"Como medir os resultados de um programa de employee advocacy?","answerCount":1,"acceptedAnswer":{"@type":"Answer","text":"Com m\u00e9tricas como alcance, engajamento, tr\u00e1fego gerado e at\u00e9 leads conquistados a partir das publica\u00e7\u00f5es dos colaboradores.<br\/>","inLanguage":"pt-BR"},"inLanguage":"pt-BR"}]}},"_links":{"self":[{"href":"https:\/\/air.com.vc\/blog\/wp-json\/wp\/v2\/posts\/18045","targetHints":{"allow":["GET"]}}],"collection":[{"href":"https:\/\/air.com.vc\/blog\/wp-json\/wp\/v2\/posts"}],"about":[{"href":"https:\/\/air.com.vc\/blog\/wp-json\/wp\/v2\/types\/post"}],"author":[{"embeddable":true,"href":"https:\/\/air.com.vc\/blog\/wp-json\/wp\/v2\/users\/3"}],"replies":[{"embeddable":true,"href":"https:\/\/air.com.vc\/blog\/wp-json\/wp\/v2\/comments?post=18045"}],"version-history":[{"count":2,"href":"https:\/\/air.com.vc\/blog\/wp-json\/wp\/v2\/posts\/18045\/revisions"}],"predecessor-version":[{"id":18048,"href":"https:\/\/air.com.vc\/blog\/wp-json\/wp\/v2\/posts\/18045\/revisions\/18048"}],"wp:featuredmedia":[{"embeddable":true,"href":"https:\/\/air.com.vc\/blog\/wp-json\/wp\/v2\/media\/18046"}],"wp:attachment":[{"href":"https:\/\/air.com.vc\/blog\/wp-json\/wp\/v2\/media?parent=18045"}],"wp:term":[{"taxonomy":"category","embeddable":true,"href":"https:\/\/air.com.vc\/blog\/wp-json\/wp\/v2\/categories?post=18045"},{"taxonomy":"post_tag","embeddable":true,"href":"https:\/\/air.com.vc\/blog\/wp-json\/wp\/v2\/tags?post=18045"}],"curies":[{"name":"wp","href":"https:\/\/api.w.org\/{rel}","templated":true}]}}