{"id":15839,"date":"2025-05-02T09:19:00","date_gmt":"2025-05-02T09:19:00","guid":{"rendered":"https:\/\/airfluencers.com\/?p=15839"},"modified":"2025-07-24T13:53:44","modified_gmt":"2025-07-24T13:53:44","slug":"geracao-z-marketing-2025","status":"publish","type":"post","link":"https:\/\/air.com.vc\/blog\/geracao-z-marketing-2025\/","title":{"rendered":"Como a gera\u00e7\u00e3o Z est\u00e1 mudando o marketing em 2025"},"content":{"rendered":"\n<p>A gera\u00e7\u00e3o Z, formada por jovens nascidos entre 1995 e 2010, est\u00e1 redefinindo o marketing digital. Criada em um ambiente digital e hiperconectado, essa gera\u00e7\u00e3o valoriza autenticidade, inclus\u00e3o, prop\u00f3sito social e experi\u00eancias personalizadas. Em 2025, marcas que desejam dialogar com esse p\u00fablico precisar\u00e3o repensar suas estrat\u00e9gias para atender a expectativas mais exigentes, conscientes e imediatistas.<\/p>\n\n\n\n<p>Confira a seguir as principais mudan\u00e7as que a gera\u00e7\u00e3o Z est\u00e1 provocando no marketing e como sua marca pode se adaptar.<\/p>\n\n\n\n<h2 class=\"wp-block-heading\">1. Autenticidade e transpar\u00eancia acima de tudo<\/h2>\n\n\n\n<p>A gera\u00e7\u00e3o Z \u00e9 c\u00e9tica em rela\u00e7\u00e3o \u00e0 publicidade tradicional. Ela rejeita campanhas gen\u00e9ricas e percebe rapidamente qualquer tentativa de manipula\u00e7\u00e3o ou falta de transpar\u00eancia.<\/p>\n\n\n\n<p><strong>Como aplicar:<\/strong> produza conte\u00fados reais, com bastidores, hist\u00f3rias humanas e um tom de voz pr\u00f3ximo. Posicione-se com clareza sobre os valores e pr\u00e1ticas da empresa.<\/p>\n\n\n\n<h2 class=\"wp-block-heading\">2. Prop\u00f3sito social como prioridade<\/h2>\n\n\n\n<p>Essa gera\u00e7\u00e3o valoriza marcas que t\u00eam um posicionamento claro em causas como sustentabilidade, equidade racial, diversidade de g\u00eanero e bem-estar coletivo. Para eles, consumir \u00e9 tamb\u00e9m um ato de apoio a valores.<\/p>\n\n\n\n<p><strong>O que funciona:<\/strong> campanhas que demonstram impacto pr\u00e1tico e a\u00e7\u00f5es que v\u00e3o al\u00e9m do discurso publicit\u00e1rio.<\/p>\n\n\n\n<h2 class=\"wp-block-heading\">3. Prefer\u00eancia por v\u00eddeos curtos e din\u00e2micos<\/h2>\n\n\n\n<p>TikTok, Reels e Shorts s\u00e3o plataformas centrais no consumo de m\u00eddia da gera\u00e7\u00e3o Z. Conte\u00fados r\u00e1pidos, informativos e visualmente atraentes s\u00e3o essenciais para capturar a aten\u00e7\u00e3o.<\/p>\n\n\n\n<p><strong>Dica pr\u00e1tica:<\/strong> use linguagem simples, efeitos visuais marcantes e edi\u00e7\u00f5es que entreguem a mensagem nos primeiros segundos.<\/p>\n\n\n\n<h2 class=\"wp-block-heading\">4. Influenciadores como mediadores de confian\u00e7a<\/h2>\n\n\n\n<p>Criadores de conte\u00fado s\u00e3o uma ponte essencial entre marcas e p\u00fablico. Mas a gera\u00e7\u00e3o Z valoriza autenticidade e n\u00e3o aceita parcerias for\u00e7adas ou desconectadas.<\/p>\n\n\n\n<p><strong>Como acertar:<\/strong> priorize microinfluenciadores e criadores com valores alinhados \u00e0 sua marca e permita que eles tenham liberdade criativa.<\/p>\n\n\n\n<h2 class=\"wp-block-heading\">5. Personaliza\u00e7\u00e3o em tempo real<\/h2>\n\n\n\n<p>Essa gera\u00e7\u00e3o espera experi\u00eancias adaptadas ao seu comportamento e hist\u00f3rico de navega\u00e7\u00e3o. Eles querem se sentir \u00fanicos em cada ponto de contato.<\/p>\n\n\n\n<p><strong>Exemplos eficientes:<\/strong> e-mails personalizados, notifica\u00e7\u00f5es inteligentes, sugest\u00f5es baseadas em prefer\u00eancias e segmenta\u00e7\u00f5es avan\u00e7adas em campanhas.<\/p>\n\n\n\n<h2 class=\"wp-block-heading\">6. Experi\u00eancias interativas e imersivas<\/h2>\n\n\n\n<p>A gera\u00e7\u00e3o Z busca envolvimento com as marcas por meio de experi\u00eancias inovadoras. Realidade aumentada, filtros interativos e ambientes digitais proporcionam novas formas de conex\u00e3o.<\/p>\n\n\n\n<p><strong>Aplique em sua marca:<\/strong> use RA em redes sociais, testes virtuais de produtos e eventos digitais com intera\u00e7\u00f5es em tempo real.<\/p>\n\n\n\n<h2 class=\"wp-block-heading\">7. Comunidades digitais e pertencimento<\/h2>\n\n\n\n<p>Mais do que audi\u00eancia, a gera\u00e7\u00e3o Z quer fazer parte de algo. Eles gostam de trocar ideias, experi\u00eancias e construir conex\u00f5es dentro de comunidades segmentadas.<\/p>\n\n\n\n<p><strong>Como se destacar:<\/strong> crie grupos exclusivos em plataformas como Discord ou WhatsApp e incentive a participa\u00e7\u00e3o ativa em eventos online e f\u00f3runs.<\/p>\n\n\n\n<h2 class=\"wp-block-heading\">8. Campanhas com elementos de gamifica\u00e7\u00e3o<\/h2>\n\n\n\n<p>Miss\u00f5es, desafios, recompensas e intera\u00e7\u00f5es l\u00fadicas aumentam o tempo de envolvimento e tornam a experi\u00eancia mais divertida.<\/p>\n\n\n\n<p><strong>Exemplos populares:<\/strong> filtros com desafios em redes sociais, selos de fidelidade, campanhas com ranking de usu\u00e1rios ou participa\u00e7\u00e3o coletiva.<\/p>\n\n\n\n<h2 class=\"wp-block-heading\">9. Consumo consciente e responsabilidade social<\/h2>\n\n\n\n<p>O p\u00fablico da gera\u00e7\u00e3o Z se preocupa com o impacto ambiental e social de suas escolhas de consumo. Eles esperam que as marcas revelem sua cadeia de produ\u00e7\u00e3o e pr\u00e1ticas \u00e9ticas.<\/p>\n\n\n\n<p><strong>Como demonstrar valor:<\/strong> mostre dados de impacto, certificados de sustentabilidade e depoimentos reais de colaboradores e comunidades envolvidas.<\/p>\n\n\n\n<h2 class=\"wp-block-heading\">10. Comunica\u00e7\u00e3o direta e resposta imediata<\/h2>\n\n\n\n<p>A gera\u00e7\u00e3o Z espera ser atendida com agilidade e efici\u00eancia. Eles preferem mensagens diretas por canais como redes sociais e aplicativos de conversa.<\/p>\n\n\n\n<p><strong>Invista em:<\/strong> atendimento em tempo real, chatbots bem programados e uma linguagem direta e humanizada nos canais digitais.<\/p>\n\n\n\n<h2 class=\"wp-block-heading\">A gera\u00e7\u00e3o Z est\u00e1 redefinindo o marketing com prop\u00f3sito, tecnologia e autenticidade<\/h2>\n\n\n\n<p>Em 2025, conectar-se com a gera\u00e7\u00e3o Z exigir\u00e1 mais do que campanhas bonitas. Ser\u00e1 necess\u00e1rio construir rela\u00e7\u00f5es baseadas em confian\u00e7a, entregar valor real e dialogar com empatia e clareza. Ao entender o comportamento, os valores e os canais preferidos dessa gera\u00e7\u00e3o, sua marca poder\u00e1 se posicionar de forma relevante em um mercado cada vez mais consciente e exigente.<\/p>\n\n\n\n<h2 class=\"wp-block-heading\">Fale com a Air<\/h2>\n\n\n\n<p>Quer criar campanhas que realmente engajam a gera\u00e7\u00e3o Z? A Air conecta sua marca aos criadores certos, com intelig\u00eancia de dados e estrat\u00e9gias personalizadas para gerar resultados de verdade.<\/p>\n\n\n\n<p><a class=\"\" href=\"https:\/\/air.com.vc\">Conhe\u00e7a nossas solu\u00e7\u00f5es em marketing de influ\u00eancia<\/a><\/p>\n\n\n\n<p><\/p>\n\n\n\n<h2 class=\"wp-block-heading\">FAQ \u2013 Perguntas frequentes sobre marketing para a gera\u00e7\u00e3o Z<\/h2>\n\n\n\n<div class=\"schema-faq wp-block-yoast-faq-block\"><div class=\"schema-faq-section\" id=\"faq-question-1752245159301\"><strong class=\"schema-faq-question\">1. Quem \u00e9 a Gera\u00e7\u00e3o Z e por que ela \u00e9 t\u00e3o importante para o marketing?<\/strong> <p class=\"schema-faq-answer\">A Gera\u00e7\u00e3o Z inclui jovens nascidos entre 1995 e 2010. Eles cresceram no ambiente digital e valorizam autenticidade, inclus\u00e3o, prop\u00f3sito e experi\u00eancias personalizadas. Com alto poder de influ\u00eancia e consumo, s\u00e3o essenciais nas estrat\u00e9gias de marketing atuais.<\/p> <\/div> <div class=\"schema-faq-section\" id=\"faq-question-1752245211453\"><strong class=\"schema-faq-question\">2. Quais s\u00e3o as caracter\u00edsticas da Gera\u00e7\u00e3o Z como consumidor?<\/strong> <p class=\"schema-faq-answer\">S\u00e3o imediatistas, conectados, exigentes e conscientes. Preferem marcas com valores sociais claros, comunica\u00e7\u00e3o direta, conte\u00fado aut\u00eantico e experi\u00eancias interativas.<\/p> <\/div> <div class=\"schema-faq-section\" id=\"faq-question-1752245212126\"><strong class=\"schema-faq-question\">3. Como atrair a aten\u00e7\u00e3o da Gera\u00e7\u00e3o Z nas redes sociais?<\/strong> <p class=\"schema-faq-answer\">Use v\u00eddeos curtos (Reels, TikTok, Shorts), linguagem simples, memes e conte\u00fados din\u00e2micos. Aposte na espontaneidade, na personaliza\u00e7\u00e3o em tempo real e na intera\u00e7\u00e3o com o p\u00fablico.<\/p> <\/div> <div class=\"schema-faq-section\" id=\"faq-question-1752245212736\"><strong class=\"schema-faq-question\">4. O que a Gera\u00e7\u00e3o Z espera das marcas?<\/strong> <p class=\"schema-faq-answer\">Transpar\u00eancia, posicionamento em causas sociais, rapidez no atendimento, inclus\u00e3o, e a\u00e7\u00f5es concretas. Eles valorizam marcas que fazem parte de comunidades e geram impacto positivo.<\/p> <\/div> <div class=\"schema-faq-section\" id=\"faq-question-1752245213476\"><strong class=\"schema-faq-question\">5. Qual o papel dos influenciadores no marketing para a Gera\u00e7\u00e3o Z?<\/strong> <p class=\"schema-faq-answer\">A Gera\u00e7\u00e3o Z confia em criadores de conte\u00fado que compartilham seus valores. Marcas devem investir em parcerias com microinfluenciadores e creators aut\u00eanticos para gerar identifica\u00e7\u00e3o e engajamento real.<\/p> <\/div> <\/div>\n","protected":false},"excerpt":{"rendered":"<p>A gera\u00e7\u00e3o Z, formada por jovens nascidos entre 1995 e 2010, est\u00e1 redefinindo o marketing digital. Criada em um ambiente digital e hiperconectado, essa gera\u00e7\u00e3o valoriza autenticidade, inclus\u00e3o, prop\u00f3sito social e experi\u00eancias personalizadas. Em 2025, marcas que desejam dialogar com esse p\u00fablico precisar\u00e3o repensar suas estrat\u00e9gias para atender a expectativas mais exigentes, conscientes e imediatistas. [&hellip;]<\/p>\n","protected":false},"author":3,"featured_media":17123,"comment_status":"open","ping_status":"open","sticky":false,"template":"","format":"standard","meta":{"footnotes":""},"categories":[5],"tags":[20],"class_list":["post-15839","post","type-post","status-publish","format-standard","has-post-thumbnail","hentry","category-influenciadores-digitais","tag-marketing"],"yoast_head":"<!-- This site is optimized with the Yoast SEO plugin v25.3.1 - https:\/\/yoast.com\/wordpress\/plugins\/seo\/ -->\n<title>Como a gera\u00e7\u00e3o Z est\u00e1 mudando o marketing em 2025<\/title>\n<meta name=\"description\" content=\"Descubra como a gera\u00e7\u00e3o Z transforma o marketing com exig\u00eancia por autenticidade, consumo consciente, prop\u00f3sito de marca e personaliza\u00e7\u00e3o.\" \/>\n<meta name=\"robots\" content=\"index, follow, max-snippet:-1, max-image-preview:large, max-video-preview:-1\" \/>\n<link rel=\"canonical\" href=\"https:\/\/air.com.vc\/blog\/geracao-z-marketing-2025\/\" \/>\n<meta property=\"og:locale\" content=\"pt_BR\" \/>\n<meta property=\"og:type\" content=\"article\" \/>\n<meta property=\"og:title\" content=\"Como a gera\u00e7\u00e3o Z est\u00e1 mudando o marketing em 2025\" \/>\n<meta property=\"og:description\" content=\"Descubra como a gera\u00e7\u00e3o Z transforma o marketing com exig\u00eancia por autenticidade, consumo consciente, prop\u00f3sito de marca e personaliza\u00e7\u00e3o.\" \/>\n<meta property=\"og:url\" content=\"https:\/\/air.com.vc\/blog\/geracao-z-marketing-2025\/\" \/>\n<meta property=\"og:site_name\" content=\"Air\" \/>\n<meta property=\"article:published_time\" content=\"2025-05-02T09:19:00+00:00\" \/>\n<meta property=\"article:modified_time\" content=\"2025-07-24T13:53:44+00:00\" \/>\n<meta property=\"og:image\" content=\"https:\/\/air.com.vc\/blog\/wp-content\/uploads\/2025\/01\/49a857beff0c3f08ccfc691b25f9392b51198c2a.png\" \/>\n\t<meta property=\"og:image:width\" content=\"1000\" \/>\n\t<meta property=\"og:image:height\" content=\"667\" \/>\n\t<meta property=\"og:image:type\" content=\"image\/png\" \/>\n<meta name=\"author\" content=\"Susielen Silva\" \/>\n<meta name=\"twitter:card\" content=\"summary_large_image\" \/>\n<meta name=\"twitter:label1\" content=\"Escrito por\" \/>\n\t<meta name=\"twitter:data1\" content=\"Susielen Silva\" \/>\n\t<meta name=\"twitter:label2\" content=\"Est. tempo de leitura\" \/>\n\t<meta name=\"twitter:data2\" content=\"6 minutos\" \/>\n<script type=\"application\/ld+json\" class=\"yoast-schema-graph\">{\"@context\":\"https:\/\/schema.org\",\"@graph\":[{\"@type\":[\"WebPage\",\"FAQPage\"],\"@id\":\"https:\/\/air.com.vc\/blog\/geracao-z-marketing-2025\/\",\"url\":\"https:\/\/air.com.vc\/blog\/geracao-z-marketing-2025\/\",\"name\":\"Como a gera\u00e7\u00e3o Z est\u00e1 mudando o marketing em 2025\",\"isPartOf\":{\"@id\":\"https:\/\/site.airstrip.cloud\/blog\/#website\"},\"primaryImageOfPage\":{\"@id\":\"https:\/\/air.com.vc\/blog\/geracao-z-marketing-2025\/#primaryimage\"},\"image\":{\"@id\":\"https:\/\/air.com.vc\/blog\/geracao-z-marketing-2025\/#primaryimage\"},\"thumbnailUrl\":\"https:\/\/air.com.vc\/blog\/wp-content\/uploads\/2025\/01\/49a857beff0c3f08ccfc691b25f9392b51198c2a.png\",\"datePublished\":\"2025-05-02T09:19:00+00:00\",\"dateModified\":\"2025-07-24T13:53:44+00:00\",\"author\":{\"@id\":\"https:\/\/site.airstrip.cloud\/blog\/#\/schema\/person\/9d18b40c256b820419d280c7662952fe\"},\"description\":\"Descubra como a gera\u00e7\u00e3o Z transforma o marketing com exig\u00eancia por autenticidade, consumo consciente, prop\u00f3sito de marca e personaliza\u00e7\u00e3o.\",\"breadcrumb\":{\"@id\":\"https:\/\/air.com.vc\/blog\/geracao-z-marketing-2025\/#breadcrumb\"},\"mainEntity\":[{\"@id\":\"https:\/\/air.com.vc\/blog\/geracao-z-marketing-2025\/#faq-question-1752245159301\"},{\"@id\":\"https:\/\/air.com.vc\/blog\/geracao-z-marketing-2025\/#faq-question-1752245211453\"},{\"@id\":\"https:\/\/air.com.vc\/blog\/geracao-z-marketing-2025\/#faq-question-1752245212126\"},{\"@id\":\"https:\/\/air.com.vc\/blog\/geracao-z-marketing-2025\/#faq-question-1752245212736\"},{\"@id\":\"https:\/\/air.com.vc\/blog\/geracao-z-marketing-2025\/#faq-question-1752245213476\"}],\"inLanguage\":\"pt-BR\",\"potentialAction\":[{\"@type\":\"ReadAction\",\"target\":[\"https:\/\/air.com.vc\/blog\/geracao-z-marketing-2025\/\"]}]},{\"@type\":\"ImageObject\",\"inLanguage\":\"pt-BR\",\"@id\":\"https:\/\/air.com.vc\/blog\/geracao-z-marketing-2025\/#primaryimage\",\"url\":\"https:\/\/air.com.vc\/blog\/wp-content\/uploads\/2025\/01\/49a857beff0c3f08ccfc691b25f9392b51198c2a.png\",\"contentUrl\":\"https:\/\/air.com.vc\/blog\/wp-content\/uploads\/2025\/01\/49a857beff0c3f08ccfc691b25f9392b51198c2a.png\",\"width\":1000,\"height\":667,\"caption\":\"meninas negras tirando foto\"},{\"@type\":\"BreadcrumbList\",\"@id\":\"https:\/\/air.com.vc\/blog\/geracao-z-marketing-2025\/#breadcrumb\",\"itemListElement\":[{\"@type\":\"ListItem\",\"position\":1,\"name\":\"In\u00edcio\",\"item\":\"https:\/\/site.airstrip.cloud\/blog\/\"},{\"@type\":\"ListItem\",\"position\":2,\"name\":\"Como a gera\u00e7\u00e3o Z est\u00e1 mudando o marketing em 2025\"}]},{\"@type\":\"WebSite\",\"@id\":\"https:\/\/site.airstrip.cloud\/blog\/#website\",\"url\":\"https:\/\/site.airstrip.cloud\/blog\/\",\"name\":\"Air\",\"description\":\"\",\"potentialAction\":[{\"@type\":\"SearchAction\",\"target\":{\"@type\":\"EntryPoint\",\"urlTemplate\":\"https:\/\/site.airstrip.cloud\/blog\/?s={search_term_string}\"},\"query-input\":{\"@type\":\"PropertyValueSpecification\",\"valueRequired\":true,\"valueName\":\"search_term_string\"}}],\"inLanguage\":\"pt-BR\"},{\"@type\":\"Person\",\"@id\":\"https:\/\/site.airstrip.cloud\/blog\/#\/schema\/person\/9d18b40c256b820419d280c7662952fe\",\"name\":\"Susielen Silva\",\"image\":{\"@type\":\"ImageObject\",\"inLanguage\":\"pt-BR\",\"@id\":\"https:\/\/site.airstrip.cloud\/blog\/#\/schema\/person\/image\/\",\"url\":\"https:\/\/secure.gravatar.com\/avatar\/d31fa1eb9a7c42ba9cff5d1fb7acb8582bcf814e60dbefa740cf090bb3b683f6?s=96&d=mm&r=g\",\"contentUrl\":\"https:\/\/secure.gravatar.com\/avatar\/d31fa1eb9a7c42ba9cff5d1fb7acb8582bcf814e60dbefa740cf090bb3b683f6?s=96&d=mm&r=g\",\"caption\":\"Susielen Silva\"},\"url\":\"https:\/\/air.com.vc\/blog\/author\/susielen-silva\/\"},{\"@type\":\"Question\",\"@id\":\"https:\/\/air.com.vc\/blog\/geracao-z-marketing-2025\/#faq-question-1752245159301\",\"position\":1,\"url\":\"https:\/\/air.com.vc\/blog\/geracao-z-marketing-2025\/#faq-question-1752245159301\",\"name\":\"1. Quem \u00e9 a Gera\u00e7\u00e3o Z e por que ela \u00e9 t\u00e3o importante para o marketing?\",\"answerCount\":1,\"acceptedAnswer\":{\"@type\":\"Answer\",\"text\":\"A Gera\u00e7\u00e3o Z inclui jovens nascidos entre 1995 e 2010. Eles cresceram no ambiente digital e valorizam autenticidade, inclus\u00e3o, prop\u00f3sito e experi\u00eancias personalizadas. Com alto poder de influ\u00eancia e consumo, s\u00e3o essenciais nas estrat\u00e9gias de marketing atuais.\",\"inLanguage\":\"pt-BR\"},\"inLanguage\":\"pt-BR\"},{\"@type\":\"Question\",\"@id\":\"https:\/\/air.com.vc\/blog\/geracao-z-marketing-2025\/#faq-question-1752245211453\",\"position\":2,\"url\":\"https:\/\/air.com.vc\/blog\/geracao-z-marketing-2025\/#faq-question-1752245211453\",\"name\":\"2. Quais s\u00e3o as caracter\u00edsticas da Gera\u00e7\u00e3o Z como consumidor?\",\"answerCount\":1,\"acceptedAnswer\":{\"@type\":\"Answer\",\"text\":\"S\u00e3o imediatistas, conectados, exigentes e conscientes. Preferem marcas com valores sociais claros, comunica\u00e7\u00e3o direta, conte\u00fado aut\u00eantico e experi\u00eancias interativas.\",\"inLanguage\":\"pt-BR\"},\"inLanguage\":\"pt-BR\"},{\"@type\":\"Question\",\"@id\":\"https:\/\/air.com.vc\/blog\/geracao-z-marketing-2025\/#faq-question-1752245212126\",\"position\":3,\"url\":\"https:\/\/air.com.vc\/blog\/geracao-z-marketing-2025\/#faq-question-1752245212126\",\"name\":\"3. Como atrair a aten\u00e7\u00e3o da Gera\u00e7\u00e3o Z nas redes sociais?\",\"answerCount\":1,\"acceptedAnswer\":{\"@type\":\"Answer\",\"text\":\"Use v\u00eddeos curtos (Reels, TikTok, Shorts), linguagem simples, memes e conte\u00fados din\u00e2micos. Aposte na espontaneidade, na personaliza\u00e7\u00e3o em tempo real e na intera\u00e7\u00e3o com o p\u00fablico.\",\"inLanguage\":\"pt-BR\"},\"inLanguage\":\"pt-BR\"},{\"@type\":\"Question\",\"@id\":\"https:\/\/air.com.vc\/blog\/geracao-z-marketing-2025\/#faq-question-1752245212736\",\"position\":4,\"url\":\"https:\/\/air.com.vc\/blog\/geracao-z-marketing-2025\/#faq-question-1752245212736\",\"name\":\"4. O que a Gera\u00e7\u00e3o Z espera das marcas?\",\"answerCount\":1,\"acceptedAnswer\":{\"@type\":\"Answer\",\"text\":\"Transpar\u00eancia, posicionamento em causas sociais, rapidez no atendimento, inclus\u00e3o, e a\u00e7\u00f5es concretas. Eles valorizam marcas que fazem parte de comunidades e geram impacto positivo.\",\"inLanguage\":\"pt-BR\"},\"inLanguage\":\"pt-BR\"},{\"@type\":\"Question\",\"@id\":\"https:\/\/air.com.vc\/blog\/geracao-z-marketing-2025\/#faq-question-1752245213476\",\"position\":5,\"url\":\"https:\/\/air.com.vc\/blog\/geracao-z-marketing-2025\/#faq-question-1752245213476\",\"name\":\"5. Qual o papel dos influenciadores no marketing para a Gera\u00e7\u00e3o Z?\",\"answerCount\":1,\"acceptedAnswer\":{\"@type\":\"Answer\",\"text\":\"A Gera\u00e7\u00e3o Z confia em criadores de conte\u00fado que compartilham seus valores. Marcas devem investir em parcerias com microinfluenciadores e creators aut\u00eanticos para gerar identifica\u00e7\u00e3o e engajamento real.\",\"inLanguage\":\"pt-BR\"},\"inLanguage\":\"pt-BR\"}]}<\/script>\n<!-- \/ Yoast SEO plugin. -->","yoast_head_json":{"title":"Como a gera\u00e7\u00e3o Z est\u00e1 mudando o marketing em 2025","description":"Descubra como a gera\u00e7\u00e3o Z transforma o marketing com exig\u00eancia por autenticidade, consumo consciente, prop\u00f3sito de marca e personaliza\u00e7\u00e3o.","robots":{"index":"index","follow":"follow","max-snippet":"max-snippet:-1","max-image-preview":"max-image-preview:large","max-video-preview":"max-video-preview:-1"},"canonical":"https:\/\/air.com.vc\/blog\/geracao-z-marketing-2025\/","og_locale":"pt_BR","og_type":"article","og_title":"Como a gera\u00e7\u00e3o Z est\u00e1 mudando o marketing em 2025","og_description":"Descubra como a gera\u00e7\u00e3o Z transforma o marketing com exig\u00eancia por autenticidade, consumo consciente, prop\u00f3sito de marca e personaliza\u00e7\u00e3o.","og_url":"https:\/\/air.com.vc\/blog\/geracao-z-marketing-2025\/","og_site_name":"Air","article_published_time":"2025-05-02T09:19:00+00:00","article_modified_time":"2025-07-24T13:53:44+00:00","og_image":[{"width":1000,"height":667,"url":"https:\/\/air.com.vc\/blog\/wp-content\/uploads\/2025\/01\/49a857beff0c3f08ccfc691b25f9392b51198c2a.png","type":"image\/png"}],"author":"Susielen Silva","twitter_card":"summary_large_image","twitter_misc":{"Escrito por":"Susielen Silva","Est. tempo de leitura":"6 minutos"},"schema":{"@context":"https:\/\/schema.org","@graph":[{"@type":["WebPage","FAQPage"],"@id":"https:\/\/air.com.vc\/blog\/geracao-z-marketing-2025\/","url":"https:\/\/air.com.vc\/blog\/geracao-z-marketing-2025\/","name":"Como a gera\u00e7\u00e3o Z est\u00e1 mudando o marketing em 2025","isPartOf":{"@id":"https:\/\/site.airstrip.cloud\/blog\/#website"},"primaryImageOfPage":{"@id":"https:\/\/air.com.vc\/blog\/geracao-z-marketing-2025\/#primaryimage"},"image":{"@id":"https:\/\/air.com.vc\/blog\/geracao-z-marketing-2025\/#primaryimage"},"thumbnailUrl":"https:\/\/air.com.vc\/blog\/wp-content\/uploads\/2025\/01\/49a857beff0c3f08ccfc691b25f9392b51198c2a.png","datePublished":"2025-05-02T09:19:00+00:00","dateModified":"2025-07-24T13:53:44+00:00","author":{"@id":"https:\/\/site.airstrip.cloud\/blog\/#\/schema\/person\/9d18b40c256b820419d280c7662952fe"},"description":"Descubra como a gera\u00e7\u00e3o Z transforma o marketing com exig\u00eancia por autenticidade, consumo consciente, prop\u00f3sito de marca e personaliza\u00e7\u00e3o.","breadcrumb":{"@id":"https:\/\/air.com.vc\/blog\/geracao-z-marketing-2025\/#breadcrumb"},"mainEntity":[{"@id":"https:\/\/air.com.vc\/blog\/geracao-z-marketing-2025\/#faq-question-1752245159301"},{"@id":"https:\/\/air.com.vc\/blog\/geracao-z-marketing-2025\/#faq-question-1752245211453"},{"@id":"https:\/\/air.com.vc\/blog\/geracao-z-marketing-2025\/#faq-question-1752245212126"},{"@id":"https:\/\/air.com.vc\/blog\/geracao-z-marketing-2025\/#faq-question-1752245212736"},{"@id":"https:\/\/air.com.vc\/blog\/geracao-z-marketing-2025\/#faq-question-1752245213476"}],"inLanguage":"pt-BR","potentialAction":[{"@type":"ReadAction","target":["https:\/\/air.com.vc\/blog\/geracao-z-marketing-2025\/"]}]},{"@type":"ImageObject","inLanguage":"pt-BR","@id":"https:\/\/air.com.vc\/blog\/geracao-z-marketing-2025\/#primaryimage","url":"https:\/\/air.com.vc\/blog\/wp-content\/uploads\/2025\/01\/49a857beff0c3f08ccfc691b25f9392b51198c2a.png","contentUrl":"https:\/\/air.com.vc\/blog\/wp-content\/uploads\/2025\/01\/49a857beff0c3f08ccfc691b25f9392b51198c2a.png","width":1000,"height":667,"caption":"meninas negras tirando foto"},{"@type":"BreadcrumbList","@id":"https:\/\/air.com.vc\/blog\/geracao-z-marketing-2025\/#breadcrumb","itemListElement":[{"@type":"ListItem","position":1,"name":"In\u00edcio","item":"https:\/\/site.airstrip.cloud\/blog\/"},{"@type":"ListItem","position":2,"name":"Como a gera\u00e7\u00e3o Z est\u00e1 mudando o marketing em 2025"}]},{"@type":"WebSite","@id":"https:\/\/site.airstrip.cloud\/blog\/#website","url":"https:\/\/site.airstrip.cloud\/blog\/","name":"Air","description":"","potentialAction":[{"@type":"SearchAction","target":{"@type":"EntryPoint","urlTemplate":"https:\/\/site.airstrip.cloud\/blog\/?s={search_term_string}"},"query-input":{"@type":"PropertyValueSpecification","valueRequired":true,"valueName":"search_term_string"}}],"inLanguage":"pt-BR"},{"@type":"Person","@id":"https:\/\/site.airstrip.cloud\/blog\/#\/schema\/person\/9d18b40c256b820419d280c7662952fe","name":"Susielen Silva","image":{"@type":"ImageObject","inLanguage":"pt-BR","@id":"https:\/\/site.airstrip.cloud\/blog\/#\/schema\/person\/image\/","url":"https:\/\/secure.gravatar.com\/avatar\/d31fa1eb9a7c42ba9cff5d1fb7acb8582bcf814e60dbefa740cf090bb3b683f6?s=96&d=mm&r=g","contentUrl":"https:\/\/secure.gravatar.com\/avatar\/d31fa1eb9a7c42ba9cff5d1fb7acb8582bcf814e60dbefa740cf090bb3b683f6?s=96&d=mm&r=g","caption":"Susielen Silva"},"url":"https:\/\/air.com.vc\/blog\/author\/susielen-silva\/"},{"@type":"Question","@id":"https:\/\/air.com.vc\/blog\/geracao-z-marketing-2025\/#faq-question-1752245159301","position":1,"url":"https:\/\/air.com.vc\/blog\/geracao-z-marketing-2025\/#faq-question-1752245159301","name":"1. Quem \u00e9 a Gera\u00e7\u00e3o Z e por que ela \u00e9 t\u00e3o importante para o marketing?","answerCount":1,"acceptedAnswer":{"@type":"Answer","text":"A Gera\u00e7\u00e3o Z inclui jovens nascidos entre 1995 e 2010. Eles cresceram no ambiente digital e valorizam autenticidade, inclus\u00e3o, prop\u00f3sito e experi\u00eancias personalizadas. Com alto poder de influ\u00eancia e consumo, s\u00e3o essenciais nas estrat\u00e9gias de marketing atuais.","inLanguage":"pt-BR"},"inLanguage":"pt-BR"},{"@type":"Question","@id":"https:\/\/air.com.vc\/blog\/geracao-z-marketing-2025\/#faq-question-1752245211453","position":2,"url":"https:\/\/air.com.vc\/blog\/geracao-z-marketing-2025\/#faq-question-1752245211453","name":"2. Quais s\u00e3o as caracter\u00edsticas da Gera\u00e7\u00e3o Z como consumidor?","answerCount":1,"acceptedAnswer":{"@type":"Answer","text":"S\u00e3o imediatistas, conectados, exigentes e conscientes. Preferem marcas com valores sociais claros, comunica\u00e7\u00e3o direta, conte\u00fado aut\u00eantico e experi\u00eancias interativas.","inLanguage":"pt-BR"},"inLanguage":"pt-BR"},{"@type":"Question","@id":"https:\/\/air.com.vc\/blog\/geracao-z-marketing-2025\/#faq-question-1752245212126","position":3,"url":"https:\/\/air.com.vc\/blog\/geracao-z-marketing-2025\/#faq-question-1752245212126","name":"3. Como atrair a aten\u00e7\u00e3o da Gera\u00e7\u00e3o Z nas redes sociais?","answerCount":1,"acceptedAnswer":{"@type":"Answer","text":"Use v\u00eddeos curtos (Reels, TikTok, Shorts), linguagem simples, memes e conte\u00fados din\u00e2micos. Aposte na espontaneidade, na personaliza\u00e7\u00e3o em tempo real e na intera\u00e7\u00e3o com o p\u00fablico.","inLanguage":"pt-BR"},"inLanguage":"pt-BR"},{"@type":"Question","@id":"https:\/\/air.com.vc\/blog\/geracao-z-marketing-2025\/#faq-question-1752245212736","position":4,"url":"https:\/\/air.com.vc\/blog\/geracao-z-marketing-2025\/#faq-question-1752245212736","name":"4. O que a Gera\u00e7\u00e3o Z espera das marcas?","answerCount":1,"acceptedAnswer":{"@type":"Answer","text":"Transpar\u00eancia, posicionamento em causas sociais, rapidez no atendimento, inclus\u00e3o, e a\u00e7\u00f5es concretas. Eles valorizam marcas que fazem parte de comunidades e geram impacto positivo.","inLanguage":"pt-BR"},"inLanguage":"pt-BR"},{"@type":"Question","@id":"https:\/\/air.com.vc\/blog\/geracao-z-marketing-2025\/#faq-question-1752245213476","position":5,"url":"https:\/\/air.com.vc\/blog\/geracao-z-marketing-2025\/#faq-question-1752245213476","name":"5. Qual o papel dos influenciadores no marketing para a Gera\u00e7\u00e3o Z?","answerCount":1,"acceptedAnswer":{"@type":"Answer","text":"A Gera\u00e7\u00e3o Z confia em criadores de conte\u00fado que compartilham seus valores. Marcas devem investir em parcerias com microinfluenciadores e creators aut\u00eanticos para gerar identifica\u00e7\u00e3o e engajamento real.","inLanguage":"pt-BR"},"inLanguage":"pt-BR"}]}},"_links":{"self":[{"href":"https:\/\/air.com.vc\/blog\/wp-json\/wp\/v2\/posts\/15839","targetHints":{"allow":["GET"]}}],"collection":[{"href":"https:\/\/air.com.vc\/blog\/wp-json\/wp\/v2\/posts"}],"about":[{"href":"https:\/\/air.com.vc\/blog\/wp-json\/wp\/v2\/types\/post"}],"author":[{"embeddable":true,"href":"https:\/\/air.com.vc\/blog\/wp-json\/wp\/v2\/users\/3"}],"replies":[{"embeddable":true,"href":"https:\/\/air.com.vc\/blog\/wp-json\/wp\/v2\/comments?post=15839"}],"version-history":[{"count":6,"href":"https:\/\/air.com.vc\/blog\/wp-json\/wp\/v2\/posts\/15839\/revisions"}],"predecessor-version":[{"id":17664,"href":"https:\/\/air.com.vc\/blog\/wp-json\/wp\/v2\/posts\/15839\/revisions\/17664"}],"wp:featuredmedia":[{"embeddable":true,"href":"https:\/\/air.com.vc\/blog\/wp-json\/wp\/v2\/media\/17123"}],"wp:attachment":[{"href":"https:\/\/air.com.vc\/blog\/wp-json\/wp\/v2\/media?parent=15839"}],"wp:term":[{"taxonomy":"category","embeddable":true,"href":"https:\/\/air.com.vc\/blog\/wp-json\/wp\/v2\/categories?post=15839"},{"taxonomy":"post_tag","embeddable":true,"href":"https:\/\/air.com.vc\/blog\/wp-json\/wp\/v2\/tags?post=15839"}],"curies":[{"name":"wp","href":"https:\/\/api.w.org\/{rel}","templated":true}]}}